{"id":183,"date":"2025-09-29T22:33:49","date_gmt":"2025-09-29T22:33:49","guid":{"rendered":"https:\/\/yogasangiovanni.it\/?p=183"},"modified":"2025-09-29T22:33:49","modified_gmt":"2025-09-29T22:33:49","slug":"dora","status":"publish","type":"post","link":"https:\/\/yogasangiovanni.it\/?p=183","title":{"rendered":"Dora"},"content":{"rendered":"\n<p>Ciao Alissa, lezione sorprendente , intensa e profonda grazie anche al tuo coinvolgimento vocale che trasporta e trasmette, ho colto l\u2019occasione per focalizzare di pi\u00f9 di quanto abbia gi\u00e0 fatto il mantra che hai generato riguardo il \u201cchi sono da dove provengo e dove sto andando accolgo in salute e abbondanza \u201c\ud83d\ude0d, durante la lezione ho nuovamente rivisto le mie difficolt\u00e0 di velocit\u00e0 e precisione che piano piano con impegno sar\u00e0 pi\u00f9 semplice. La meditazione finale intensa e profonda mi ha dato la possibilit\u00e0 di rivedere la rabbia che ancora si trascina nei confronti di alcune persone facenti parte della mia vita, l\u2019ho vista con altri occhi, \u00e8 dura abbandonarla totalmente ma sar\u00e0 opportuno farlo per me e per la mia liberazione per ritornare a me nella mia totale essenza. Ho viaggiato nel vero senso della parola quasi ad addormentarmi \ud83d\ude05. Grazie per come ti dai a noi straordinariamente!<\/p>\n","protected":false},"excerpt":{"rendered":"<p>Ciao Alissa, lezione sorprendente , intensa e profonda grazie anche al tuo coinvolgimento vocale che trasporta e trasmette, ho colto l\u2019occasione per focalizzare di pi\u00f9 di quanto abbia gi\u00e0 fatto il mantra che hai generato riguardo il \u201cchi sono da dove provengo e dove sto andando accolgo in salute e abbondanza \u201c\ud83d\ude0d, durante la lezione [&hellip;]<\/p>\n","protected":false},"author":1,"featured_media":0,"comment_status":"open","ping_status":"open","sticky":false,"template":"","format":"standard","meta":{"_et_pb_use_builder":"off","_et_pb_old_content":"","_et_gb_content_width":"1247","footnotes":""},"categories":[6],"tags":[],"class_list":["post-183","post","type-post","status-publish","format-standard","hentry","category-about"],"yoast_head":"<!-- This site is optimized with the Yoast SEO plugin v26.9 - https:\/\/yoast.com\/product\/yoast-seo-wordpress\/ -->\n<title>Dora - Yoga San Giovanni<\/title>\n<meta name=\"robots\" content=\"index, follow, max-snippet:-1, max-image-preview:large, max-video-preview:-1\" \/>\n<link rel=\"canonical\" href=\"https:\/\/yogasangiovanni.it\/?p=183\" \/>\n<meta property=\"og:locale\" content=\"it_IT\" \/>\n<meta property=\"og:type\" content=\"article\" \/>\n<meta property=\"og:title\" content=\"Dora - Yoga San Giovanni\" \/>\n<meta property=\"og:description\" content=\"Ciao Alissa, lezione sorprendente , intensa e profonda grazie anche al tuo coinvolgimento vocale che trasporta e trasmette, ho colto l\u2019occasione per focalizzare di pi\u00f9 di quanto abbia gi\u00e0 fatto il mantra che hai generato riguardo il \u201cchi sono da dove provengo e dove sto andando accolgo in salute e abbondanza \u201c\ud83d\ude0d, durante la lezione [&hellip;]\" \/>\n<meta property=\"og:url\" content=\"https:\/\/yogasangiovanni.it\/?p=183\" \/>\n<meta property=\"og:site_name\" content=\"Yoga San Giovanni\" \/>\n<meta property=\"article:publisher\" content=\"https:\/\/www.facebook.com\/alissa.huzar\" \/>\n<meta property=\"article:published_time\" content=\"2025-09-29T22:33:49+00:00\" \/>\n<meta property=\"og:image\" content=\"https:\/\/yogasangiovanni.it\/wp-content\/uploads\/2025\/11\/A2FE7611-727D-477C-9C89-D592DC2A51E1-1.jpg\" \/>\n\t<meta property=\"og:image:width\" content=\"1200\" \/>\n\t<meta property=\"og:image:height\" content=\"760\" \/>\n\t<meta property=\"og:image:type\" content=\"image\/jpeg\" \/>\n<meta name=\"author\" content=\"admin\" \/>\n<meta name=\"twitter:card\" content=\"summary_large_image\" \/>\n<meta name=\"twitter:label1\" content=\"Scritto da\" \/>\n\t<meta name=\"twitter:data1\" content=\"admin\" \/>\n\t<meta name=\"twitter:label2\" content=\"Tempo di lettura stimato\" \/>\n\t<meta name=\"twitter:data2\" content=\"1 minuto\" \/>\n<script type=\"application\/ld+json\" class=\"yoast-schema-graph\">{\"@context\":\"https:\/\/schema.org\",\"@graph\":[{\"@type\":\"Article\",\"@id\":\"https:\/\/yogasangiovanni.it\/?p=183#article\",\"isPartOf\":{\"@id\":\"https:\/\/yogasangiovanni.it\/?p=183\"},\"author\":{\"name\":\"admin\",\"@id\":\"https:\/\/yogasangiovanni.it\/#\/schema\/person\/bbdf2037e0d15efc2aa2babff559fe3f\"},\"headline\":\"Dora\",\"datePublished\":\"2025-09-29T22:33:49+00:00\",\"mainEntityOfPage\":{\"@id\":\"https:\/\/yogasangiovanni.it\/?p=183\"},\"wordCount\":148,\"commentCount\":0,\"publisher\":{\"@id\":\"https:\/\/yogasangiovanni.it\/#organization\"},\"articleSection\":[\"About\"],\"inLanguage\":\"it-IT\",\"potentialAction\":[{\"@type\":\"CommentAction\",\"name\":\"Comment\",\"target\":[\"https:\/\/yogasangiovanni.it\/?p=183#respond\"]}]},{\"@type\":\"WebPage\",\"@id\":\"https:\/\/yogasangiovanni.it\/?p=183\",\"url\":\"https:\/\/yogasangiovanni.it\/?p=183\",\"name\":\"Dora - Yoga San Giovanni\",\"isPartOf\":{\"@id\":\"https:\/\/yogasangiovanni.it\/#website\"},\"datePublished\":\"2025-09-29T22:33:49+00:00\",\"breadcrumb\":{\"@id\":\"https:\/\/yogasangiovanni.it\/?p=183#breadcrumb\"},\"inLanguage\":\"it-IT\",\"potentialAction\":[{\"@type\":\"ReadAction\",\"target\":[\"https:\/\/yogasangiovanni.it\/?p=183\"]}]},{\"@type\":\"BreadcrumbList\",\"@id\":\"https:\/\/yogasangiovanni.it\/?p=183#breadcrumb\",\"itemListElement\":[{\"@type\":\"ListItem\",\"position\":1,\"name\":\"Home\",\"item\":\"https:\/\/yogasangiovanni.it\/\"},{\"@type\":\"ListItem\",\"position\":2,\"name\":\"Dora\"}]},{\"@type\":\"WebSite\",\"@id\":\"https:\/\/yogasangiovanni.it\/#website\",\"url\":\"https:\/\/yogasangiovanni.it\/\",\"name\":\"Yoga San Giovanni\",\"description\":\"Segui il tuo respiro\",\"publisher\":{\"@id\":\"https:\/\/yogasangiovanni.it\/#organization\"},\"potentialAction\":[{\"@type\":\"SearchAction\",\"target\":{\"@type\":\"EntryPoint\",\"urlTemplate\":\"https:\/\/yogasangiovanni.it\/?s={search_term_string}\"},\"query-input\":{\"@type\":\"PropertyValueSpecification\",\"valueRequired\":true,\"valueName\":\"search_term_string\"}}],\"inLanguage\":\"it-IT\"},{\"@type\":\"Organization\",\"@id\":\"https:\/\/yogasangiovanni.it\/#organization\",\"name\":\"Yoga San Giovanni\",\"url\":\"https:\/\/yogasangiovanni.it\/\",\"logo\":{\"@type\":\"ImageObject\",\"inLanguage\":\"it-IT\",\"@id\":\"https:\/\/yogasangiovanni.it\/#\/schema\/logo\/image\/\",\"url\":\"https:\/\/yogasangiovanni.it\/wp-content\/uploads\/2025\/09\/cropped-favicon.jpg\",\"contentUrl\":\"https:\/\/yogasangiovanni.it\/wp-content\/uploads\/2025\/09\/cropped-favicon.jpg\",\"width\":512,\"height\":512,\"caption\":\"Yoga San Giovanni\"},\"image\":{\"@id\":\"https:\/\/yogasangiovanni.it\/#\/schema\/logo\/image\/\"},\"sameAs\":[\"https:\/\/www.facebook.com\/alissa.huzar\"]},{\"@type\":\"Person\",\"@id\":\"https:\/\/yogasangiovanni.it\/#\/schema\/person\/bbdf2037e0d15efc2aa2babff559fe3f\",\"name\":\"admin\",\"image\":{\"@type\":\"ImageObject\",\"inLanguage\":\"it-IT\",\"@id\":\"https:\/\/yogasangiovanni.it\/#\/schema\/person\/image\/\",\"url\":\"https:\/\/secure.gravatar.com\/avatar\/4347a64738df2580ceedede3d1b33770d91e90c2c90043f9ae79f375f8af69d2?s=96&d=mm&r=g\",\"contentUrl\":\"https:\/\/secure.gravatar.com\/avatar\/4347a64738df2580ceedede3d1b33770d91e90c2c90043f9ae79f375f8af69d2?s=96&d=mm&r=g\",\"caption\":\"admin\"},\"sameAs\":[\"https:\/\/yogasangiovanni.it\"],\"url\":\"https:\/\/yogasangiovanni.it\/?author=1\"}]}<\/script>\n<!-- \/ Yoast SEO plugin. -->","yoast_head_json":{"title":"Dora - Yoga San Giovanni","robots":{"index":"index","follow":"follow","max-snippet":"max-snippet:-1","max-image-preview":"max-image-preview:large","max-video-preview":"max-video-preview:-1"},"canonical":"https:\/\/yogasangiovanni.it\/?p=183","og_locale":"it_IT","og_type":"article","og_title":"Dora - Yoga San Giovanni","og_description":"Ciao Alissa, lezione sorprendente , intensa e profonda grazie anche al tuo coinvolgimento vocale che trasporta e trasmette, ho colto l\u2019occasione per focalizzare di pi\u00f9 di quanto abbia gi\u00e0 fatto il mantra che hai generato riguardo il \u201cchi sono da dove provengo e dove sto andando accolgo in salute e abbondanza \u201c\ud83d\ude0d, durante la lezione [&hellip;]","og_url":"https:\/\/yogasangiovanni.it\/?p=183","og_site_name":"Yoga San Giovanni","article_publisher":"https:\/\/www.facebook.com\/alissa.huzar","article_published_time":"2025-09-29T22:33:49+00:00","og_image":[{"width":1200,"height":760,"url":"https:\/\/yogasangiovanni.it\/wp-content\/uploads\/2025\/11\/A2FE7611-727D-477C-9C89-D592DC2A51E1-1.jpg","type":"image\/jpeg"}],"author":"admin","twitter_card":"summary_large_image","twitter_misc":{"Scritto da":"admin","Tempo di lettura stimato":"1 minuto"},"schema":{"@context":"https:\/\/schema.org","@graph":[{"@type":"Article","@id":"https:\/\/yogasangiovanni.it\/?p=183#article","isPartOf":{"@id":"https:\/\/yogasangiovanni.it\/?p=183"},"author":{"name":"admin","@id":"https:\/\/yogasangiovanni.it\/#\/schema\/person\/bbdf2037e0d15efc2aa2babff559fe3f"},"headline":"Dora","datePublished":"2025-09-29T22:33:49+00:00","mainEntityOfPage":{"@id":"https:\/\/yogasangiovanni.it\/?p=183"},"wordCount":148,"commentCount":0,"publisher":{"@id":"https:\/\/yogasangiovanni.it\/#organization"},"articleSection":["About"],"inLanguage":"it-IT","potentialAction":[{"@type":"CommentAction","name":"Comment","target":["https:\/\/yogasangiovanni.it\/?p=183#respond"]}]},{"@type":"WebPage","@id":"https:\/\/yogasangiovanni.it\/?p=183","url":"https:\/\/yogasangiovanni.it\/?p=183","name":"Dora - Yoga San Giovanni","isPartOf":{"@id":"https:\/\/yogasangiovanni.it\/#website"},"datePublished":"2025-09-29T22:33:49+00:00","breadcrumb":{"@id":"https:\/\/yogasangiovanni.it\/?p=183#breadcrumb"},"inLanguage":"it-IT","potentialAction":[{"@type":"ReadAction","target":["https:\/\/yogasangiovanni.it\/?p=183"]}]},{"@type":"BreadcrumbList","@id":"https:\/\/yogasangiovanni.it\/?p=183#breadcrumb","itemListElement":[{"@type":"ListItem","position":1,"name":"Home","item":"https:\/\/yogasangiovanni.it\/"},{"@type":"ListItem","position":2,"name":"Dora"}]},{"@type":"WebSite","@id":"https:\/\/yogasangiovanni.it\/#website","url":"https:\/\/yogasangiovanni.it\/","name":"Yoga San Giovanni","description":"Segui il tuo respiro","publisher":{"@id":"https:\/\/yogasangiovanni.it\/#organization"},"potentialAction":[{"@type":"SearchAction","target":{"@type":"EntryPoint","urlTemplate":"https:\/\/yogasangiovanni.it\/?s={search_term_string}"},"query-input":{"@type":"PropertyValueSpecification","valueRequired":true,"valueName":"search_term_string"}}],"inLanguage":"it-IT"},{"@type":"Organization","@id":"https:\/\/yogasangiovanni.it\/#organization","name":"Yoga San Giovanni","url":"https:\/\/yogasangiovanni.it\/","logo":{"@type":"ImageObject","inLanguage":"it-IT","@id":"https:\/\/yogasangiovanni.it\/#\/schema\/logo\/image\/","url":"https:\/\/yogasangiovanni.it\/wp-content\/uploads\/2025\/09\/cropped-favicon.jpg","contentUrl":"https:\/\/yogasangiovanni.it\/wp-content\/uploads\/2025\/09\/cropped-favicon.jpg","width":512,"height":512,"caption":"Yoga San Giovanni"},"image":{"@id":"https:\/\/yogasangiovanni.it\/#\/schema\/logo\/image\/"},"sameAs":["https:\/\/www.facebook.com\/alissa.huzar"]},{"@type":"Person","@id":"https:\/\/yogasangiovanni.it\/#\/schema\/person\/bbdf2037e0d15efc2aa2babff559fe3f","name":"admin","image":{"@type":"ImageObject","inLanguage":"it-IT","@id":"https:\/\/yogasangiovanni.it\/#\/schema\/person\/image\/","url":"https:\/\/secure.gravatar.com\/avatar\/4347a64738df2580ceedede3d1b33770d91e90c2c90043f9ae79f375f8af69d2?s=96&d=mm&r=g","contentUrl":"https:\/\/secure.gravatar.com\/avatar\/4347a64738df2580ceedede3d1b33770d91e90c2c90043f9ae79f375f8af69d2?s=96&d=mm&r=g","caption":"admin"},"sameAs":["https:\/\/yogasangiovanni.it"],"url":"https:\/\/yogasangiovanni.it\/?author=1"}]}},"_links":{"self":[{"href":"https:\/\/yogasangiovanni.it\/index.php?rest_route=\/wp\/v2\/posts\/183","targetHints":{"allow":["GET"]}}],"collection":[{"href":"https:\/\/yogasangiovanni.it\/index.php?rest_route=\/wp\/v2\/posts"}],"about":[{"href":"https:\/\/yogasangiovanni.it\/index.php?rest_route=\/wp\/v2\/types\/post"}],"author":[{"embeddable":true,"href":"https:\/\/yogasangiovanni.it\/index.php?rest_route=\/wp\/v2\/users\/1"}],"replies":[{"embeddable":true,"href":"https:\/\/yogasangiovanni.it\/index.php?rest_route=%2Fwp%2Fv2%2Fcomments&post=183"}],"version-history":[{"count":1,"href":"https:\/\/yogasangiovanni.it\/index.php?rest_route=\/wp\/v2\/posts\/183\/revisions"}],"predecessor-version":[{"id":184,"href":"https:\/\/yogasangiovanni.it\/index.php?rest_route=\/wp\/v2\/posts\/183\/revisions\/184"}],"wp:attachment":[{"href":"https:\/\/yogasangiovanni.it\/index.php?rest_route=%2Fwp%2Fv2%2Fmedia&parent=183"}],"wp:term":[{"taxonomy":"category","embeddable":true,"href":"https:\/\/yogasangiovanni.it\/index.php?rest_route=%2Fwp%2Fv2%2Fcategories&post=183"},{"taxonomy":"post_tag","embeddable":true,"href":"https:\/\/yogasangiovanni.it\/index.php?rest_route=%2Fwp%2Fv2%2Ftags&post=183"}],"curies":[{"name":"wp","href":"https:\/\/api.w.org\/{rel}","templated":true}]}}