{"id":236,"date":"2025-11-22T08:17:02","date_gmt":"2025-11-22T08:17:02","guid":{"rendered":"https:\/\/yogasangiovanni.it\/?p=236"},"modified":"2025-11-22T08:17:04","modified_gmt":"2025-11-22T08:17:04","slug":"yoga-il-potenziatore-cognitivo-contro-linvecchiamento-cerebrale","status":"publish","type":"post","link":"https:\/\/yogasangiovanni.it\/?p=236","title":{"rendered":"Yoga: Il Potenziatore Cognitivo Contro l&#8217;Invecchiamento Cerebrale"},"content":{"rendered":"\n<p>Il declino cognitivo correlato all&#8217;et\u00e0 non \u00e8 solo una perdita di memoria, ma un deterioramento delle&nbsp;<strong>funzioni esecutive<\/strong>, come la capacit\u00e0 di pianificare, prendere decisioni, mantenere l&#8217;attenzione e fare&nbsp;<em>multitasking<\/em>&nbsp;mentale. Lo yoga, grazie al suo approccio olistico mente-corpo, agisce direttamente su questi processi.<\/p>\n\n\n\n<h3 class=\"wp-block-heading\">Meccanismi Chiave di Protezione Cognitiva<\/h3>\n\n\n\n<h4 class=\"wp-block-heading\">1. Aumento della Materia Grigia e Ippocampale<\/h4>\n\n\n\n<p>Studi di neuroimaging hanno mostrato che la pratica regolare dello yoga pu\u00f2 portare a cambiamenti strutturali nel cervello, in particolare:<\/p>\n\n\n\n<ul class=\"wp-block-list\">\n<li><strong>Ippocampo pi\u00f9 Voluminoso:<\/strong>\u00a0L&#8217;ippocampo \u00e8 fondamentale per la memoria a breve e lungo termine. Lo yoga, specialmente se combinato con la meditazione, \u00e8 associato a un\u00a0<strong>aumento del volume della materia grigia<\/strong>\u00a0in questa regione, contrastando l&#8217;atrofia tipica dell&#8217;invecchiamento e del declino cognitivo.<\/li>\n\n\n\n<li><strong>Rafforzamento della Corteccia Prefrontale:<\/strong>\u00a0Quest&#8217;area \u00e8 la sede delle funzioni esecutive (attenzione, concentrazione, pianificazione). La necessit\u00e0 di coordinare asana, respiro e focus mentale nello yoga stimola e rafforza direttamente questa regione.<\/li>\n<\/ul>\n\n\n\n<h4 class=\"wp-block-heading\">2. Miglioramento della Connettivit\u00e0 Cerebrale<\/h4>\n\n\n\n<p>Lo yoga promuove una maggiore coerenza e comunicazione tra diverse reti neurali del cervello:<\/p>\n\n\n\n<ul class=\"wp-block-list\">\n<li><strong>Rete di Modalit\u00e0 Predefinita (DMN) e Reti Esecutive:<\/strong>\u00a0La DMN \u00e8 attiva quando la mente \u00e8 a riposo. Una eccessiva o disfunzionale attivit\u00e0 della DMN \u00e8 stata collegata a disturbi cognitivi e all&#8217;Alzheimer. Lo yoga aiuta a modulare questa rete, migliorando la\u00a0<strong>flessibilit\u00e0 cognitiva<\/strong>\u00a0e l&#8217;autoregolazione emotiva.<\/li>\n<\/ul>\n\n\n\n<h4 class=\"wp-block-heading\">3. Allenamento delle Funzioni Esecutive<\/h4>\n\n\n\n<p>Eseguire una sequenza di yoga richiede un carico cognitivo significativo, simulando un vero e proprio &#8220;allenamento cerebrale&#8221;:<\/p>\n\n\n\n<ul class=\"wp-block-list\">\n<li><strong>Memoria di Lavoro:<\/strong>\u00a0Devi ricordare l&#8217;ordine delle posture (sequenza).<\/li>\n\n\n\n<li><strong>Attenzione Sostenuta:<\/strong>\u00a0Devi mantenere la concentrazione sul respiro e sulle sensazioni corporee (consapevolezza interocettiva).<\/li>\n\n\n\n<li><strong>Inibizione:<\/strong>\u00a0Devi ignorare le distrazioni o il disagio per rimanere nella postura.<\/li>\n<\/ul>\n\n\n\n<h4 class=\"wp-block-heading\">4. Miglioramento del Sonno e Riduzione dello Stress Ossidativo<\/h4>\n\n\n\n<p>Un sonno profondo ed efficiente \u00e8 essenziale per il&nbsp;<strong>consolidamento della memoria<\/strong>&nbsp;e per il meccanismo di &#8220;lavaggio&#8221; cerebrale (sistema glinfatico). Lo yoga migliora la qualit\u00e0 del sonno. Inoltre, la sua capacit\u00e0 di ridurre l&#8217;infiammazione e lo stress ossidativo agisce come un intervento&nbsp;<strong>anti-invecchiamento multisistemico<\/strong>, proteggendo i neuroni dai danni.<\/p>\n\n\n\n<p>In sintesi, lo yoga non \u00e8 solo un esercizio, ma un&nbsp;<strong>complesso intervento mente-corpo<\/strong>&nbsp;che rinforza attivamente le strutture cerebrali, affinando le abilit\u00e0 cognitive cruciali per mantenere una mente lucida con l&#8217;avanzare dell&#8217;et\u00e0.<\/p>\n","protected":false},"excerpt":{"rendered":"<p>Il declino cognitivo correlato all&#8217;et\u00e0 non \u00e8 solo una perdita di memoria, ma un deterioramento delle&nbsp;funzioni esecutive, come la capacit\u00e0 di pianificare, prendere decisioni, mantenere l&#8217;attenzione e fare&nbsp;multitasking&nbsp;mentale. Lo yoga, grazie al suo approccio olistico mente-corpo, agisce direttamente su questi processi. Meccanismi Chiave di Protezione Cognitiva 1. Aumento della Materia Grigia e Ippocampale Studi di [&hellip;]<\/p>\n","protected":false},"author":1,"featured_media":238,"comment_status":"open","ping_status":"open","sticky":false,"template":"","format":"standard","meta":{"_et_pb_use_builder":"off","_et_pb_old_content":"","_et_gb_content_width":"1247","footnotes":""},"categories":[5],"tags":[],"class_list":["post-236","post","type-post","status-publish","format-standard","has-post-thumbnail","hentry","category-blog"],"yoast_head":"<!-- This site is optimized with the Yoast SEO plugin v26.9 - https:\/\/yoast.com\/product\/yoast-seo-wordpress\/ -->\n<title>Yoga: Il Potenziatore Cognitivo Contro l&#039;Invecchiamento Cerebrale - Yoga San Giovanni<\/title>\n<meta name=\"description\" content=\"Scopri come la pratica regolare dello yoga (asana, pranayama, meditazione) pu\u00f2 contrastare il declino cognitivo e la demenza. Migliora la memoria, riduci lo stress e aumenta la materia grigia cerebrale.\" \/>\n<meta name=\"robots\" content=\"index, follow, max-snippet:-1, max-image-preview:large, max-video-preview:-1\" \/>\n<link rel=\"canonical\" href=\"https:\/\/yogasangiovanni.it\/?p=236\" \/>\n<meta property=\"og:locale\" content=\"it_IT\" \/>\n<meta property=\"og:type\" content=\"article\" \/>\n<meta property=\"og:title\" content=\"Yoga: Il Potenziatore Cognitivo Contro l&#039;Invecchiamento Cerebrale - Yoga San Giovanni\" \/>\n<meta property=\"og:description\" content=\"Scopri come la pratica regolare dello yoga (asana, pranayama, meditazione) pu\u00f2 contrastare il declino cognitivo e la demenza. Migliora la memoria, riduci lo stress e aumenta la materia grigia cerebrale.\" \/>\n<meta property=\"og:url\" content=\"https:\/\/yogasangiovanni.it\/?p=236\" \/>\n<meta property=\"og:site_name\" content=\"Yoga San Giovanni\" \/>\n<meta property=\"article:publisher\" content=\"https:\/\/www.facebook.com\/alissa.huzar\" \/>\n<meta property=\"article:published_time\" content=\"2025-11-22T08:17:02+00:00\" \/>\n<meta property=\"article:modified_time\" content=\"2025-11-22T08:17:04+00:00\" \/>\n<meta property=\"og:image\" content=\"https:\/\/yogasangiovanni.it\/wp-content\/uploads\/2025\/11\/A2FE7611-727D-477C-9C89-D592DC2A51E1-1.jpg\" \/>\n\t<meta property=\"og:image:width\" content=\"1200\" \/>\n\t<meta property=\"og:image:height\" content=\"760\" \/>\n\t<meta property=\"og:image:type\" content=\"image\/jpeg\" \/>\n<meta name=\"author\" content=\"admin\" \/>\n<meta name=\"twitter:card\" content=\"summary_large_image\" \/>\n<meta name=\"twitter:label1\" content=\"Scritto da\" \/>\n\t<meta name=\"twitter:data1\" content=\"admin\" \/>\n\t<meta name=\"twitter:label2\" content=\"Tempo di lettura stimato\" \/>\n\t<meta name=\"twitter:data2\" content=\"3 minuti\" \/>\n<script type=\"application\/ld+json\" class=\"yoast-schema-graph\">{\"@context\":\"https:\/\/schema.org\",\"@graph\":[{\"@type\":\"Article\",\"@id\":\"https:\/\/yogasangiovanni.it\/?p=236#article\",\"isPartOf\":{\"@id\":\"https:\/\/yogasangiovanni.it\/?p=236\"},\"author\":{\"name\":\"admin\",\"@id\":\"https:\/\/yogasangiovanni.it\/#\/schema\/person\/bbdf2037e0d15efc2aa2babff559fe3f\"},\"headline\":\"Yoga: Il Potenziatore Cognitivo Contro l&#8217;Invecchiamento Cerebrale\",\"datePublished\":\"2025-11-22T08:17:02+00:00\",\"dateModified\":\"2025-11-22T08:17:04+00:00\",\"mainEntityOfPage\":{\"@id\":\"https:\/\/yogasangiovanni.it\/?p=236\"},\"wordCount\":380,\"commentCount\":0,\"publisher\":{\"@id\":\"https:\/\/yogasangiovanni.it\/#organization\"},\"image\":{\"@id\":\"https:\/\/yogasangiovanni.it\/?p=236#primaryimage\"},\"thumbnailUrl\":\"https:\/\/yogasangiovanni.it\/wp-content\/uploads\/2025\/11\/A2FE7611-727D-477C-9C89-D592DC2A51E1-1.jpg\",\"articleSection\":[\"Blog\"],\"inLanguage\":\"it-IT\",\"potentialAction\":[{\"@type\":\"CommentAction\",\"name\":\"Comment\",\"target\":[\"https:\/\/yogasangiovanni.it\/?p=236#respond\"]}]},{\"@type\":\"WebPage\",\"@id\":\"https:\/\/yogasangiovanni.it\/?p=236\",\"url\":\"https:\/\/yogasangiovanni.it\/?p=236\",\"name\":\"Yoga: Il Potenziatore Cognitivo Contro l'Invecchiamento Cerebrale - Yoga San Giovanni\",\"isPartOf\":{\"@id\":\"https:\/\/yogasangiovanni.it\/#website\"},\"primaryImageOfPage\":{\"@id\":\"https:\/\/yogasangiovanni.it\/?p=236#primaryimage\"},\"image\":{\"@id\":\"https:\/\/yogasangiovanni.it\/?p=236#primaryimage\"},\"thumbnailUrl\":\"https:\/\/yogasangiovanni.it\/wp-content\/uploads\/2025\/11\/A2FE7611-727D-477C-9C89-D592DC2A51E1-1.jpg\",\"datePublished\":\"2025-11-22T08:17:02+00:00\",\"dateModified\":\"2025-11-22T08:17:04+00:00\",\"description\":\"Scopri come la pratica regolare dello yoga (asana, pranayama, meditazione) pu\u00f2 contrastare il declino cognitivo e la demenza. Migliora la memoria, riduci lo stress e aumenta la materia grigia cerebrale.\",\"breadcrumb\":{\"@id\":\"https:\/\/yogasangiovanni.it\/?p=236#breadcrumb\"},\"inLanguage\":\"it-IT\",\"potentialAction\":[{\"@type\":\"ReadAction\",\"target\":[\"https:\/\/yogasangiovanni.it\/?p=236\"]}]},{\"@type\":\"ImageObject\",\"inLanguage\":\"it-IT\",\"@id\":\"https:\/\/yogasangiovanni.it\/?p=236#primaryimage\",\"url\":\"https:\/\/yogasangiovanni.it\/wp-content\/uploads\/2025\/11\/A2FE7611-727D-477C-9C89-D592DC2A51E1-1.jpg\",\"contentUrl\":\"https:\/\/yogasangiovanni.it\/wp-content\/uploads\/2025\/11\/A2FE7611-727D-477C-9C89-D592DC2A51E1-1.jpg\",\"width\":1200,\"height\":760},{\"@type\":\"BreadcrumbList\",\"@id\":\"https:\/\/yogasangiovanni.it\/?p=236#breadcrumb\",\"itemListElement\":[{\"@type\":\"ListItem\",\"position\":1,\"name\":\"Home\",\"item\":\"https:\/\/yogasangiovanni.it\/\"},{\"@type\":\"ListItem\",\"position\":2,\"name\":\"Yoga: Il Potenziatore Cognitivo Contro l&#8217;Invecchiamento Cerebrale\"}]},{\"@type\":\"WebSite\",\"@id\":\"https:\/\/yogasangiovanni.it\/#website\",\"url\":\"https:\/\/yogasangiovanni.it\/\",\"name\":\"Yoga San Giovanni\",\"description\":\"Segui il tuo respiro\",\"publisher\":{\"@id\":\"https:\/\/yogasangiovanni.it\/#organization\"},\"potentialAction\":[{\"@type\":\"SearchAction\",\"target\":{\"@type\":\"EntryPoint\",\"urlTemplate\":\"https:\/\/yogasangiovanni.it\/?s={search_term_string}\"},\"query-input\":{\"@type\":\"PropertyValueSpecification\",\"valueRequired\":true,\"valueName\":\"search_term_string\"}}],\"inLanguage\":\"it-IT\"},{\"@type\":\"Organization\",\"@id\":\"https:\/\/yogasangiovanni.it\/#organization\",\"name\":\"Yoga San Giovanni\",\"url\":\"https:\/\/yogasangiovanni.it\/\",\"logo\":{\"@type\":\"ImageObject\",\"inLanguage\":\"it-IT\",\"@id\":\"https:\/\/yogasangiovanni.it\/#\/schema\/logo\/image\/\",\"url\":\"https:\/\/yogasangiovanni.it\/wp-content\/uploads\/2025\/09\/cropped-favicon.jpg\",\"contentUrl\":\"https:\/\/yogasangiovanni.it\/wp-content\/uploads\/2025\/09\/cropped-favicon.jpg\",\"width\":512,\"height\":512,\"caption\":\"Yoga San Giovanni\"},\"image\":{\"@id\":\"https:\/\/yogasangiovanni.it\/#\/schema\/logo\/image\/\"},\"sameAs\":[\"https:\/\/www.facebook.com\/alissa.huzar\"]},{\"@type\":\"Person\",\"@id\":\"https:\/\/yogasangiovanni.it\/#\/schema\/person\/bbdf2037e0d15efc2aa2babff559fe3f\",\"name\":\"admin\",\"image\":{\"@type\":\"ImageObject\",\"inLanguage\":\"it-IT\",\"@id\":\"https:\/\/yogasangiovanni.it\/#\/schema\/person\/image\/\",\"url\":\"https:\/\/secure.gravatar.com\/avatar\/4347a64738df2580ceedede3d1b33770d91e90c2c90043f9ae79f375f8af69d2?s=96&d=mm&r=g\",\"contentUrl\":\"https:\/\/secure.gravatar.com\/avatar\/4347a64738df2580ceedede3d1b33770d91e90c2c90043f9ae79f375f8af69d2?s=96&d=mm&r=g\",\"caption\":\"admin\"},\"sameAs\":[\"https:\/\/yogasangiovanni.it\"],\"url\":\"https:\/\/yogasangiovanni.it\/?author=1\"}]}<\/script>\n<!-- \/ Yoast SEO plugin. -->","yoast_head_json":{"title":"Yoga: Il Potenziatore Cognitivo Contro l'Invecchiamento Cerebrale - Yoga San Giovanni","description":"Scopri come la pratica regolare dello yoga (asana, pranayama, meditazione) pu\u00f2 contrastare il declino cognitivo e la demenza. Migliora la memoria, riduci lo stress e aumenta la materia grigia cerebrale.","robots":{"index":"index","follow":"follow","max-snippet":"max-snippet:-1","max-image-preview":"max-image-preview:large","max-video-preview":"max-video-preview:-1"},"canonical":"https:\/\/yogasangiovanni.it\/?p=236","og_locale":"it_IT","og_type":"article","og_title":"Yoga: Il Potenziatore Cognitivo Contro l'Invecchiamento Cerebrale - Yoga San Giovanni","og_description":"Scopri come la pratica regolare dello yoga (asana, pranayama, meditazione) pu\u00f2 contrastare il declino cognitivo e la demenza. Migliora la memoria, riduci lo stress e aumenta la materia grigia cerebrale.","og_url":"https:\/\/yogasangiovanni.it\/?p=236","og_site_name":"Yoga San Giovanni","article_publisher":"https:\/\/www.facebook.com\/alissa.huzar","article_published_time":"2025-11-22T08:17:02+00:00","article_modified_time":"2025-11-22T08:17:04+00:00","og_image":[{"width":1200,"height":760,"url":"https:\/\/yogasangiovanni.it\/wp-content\/uploads\/2025\/11\/A2FE7611-727D-477C-9C89-D592DC2A51E1-1.jpg","type":"image\/jpeg"}],"author":"admin","twitter_card":"summary_large_image","twitter_misc":{"Scritto da":"admin","Tempo di lettura stimato":"3 minuti"},"schema":{"@context":"https:\/\/schema.org","@graph":[{"@type":"Article","@id":"https:\/\/yogasangiovanni.it\/?p=236#article","isPartOf":{"@id":"https:\/\/yogasangiovanni.it\/?p=236"},"author":{"name":"admin","@id":"https:\/\/yogasangiovanni.it\/#\/schema\/person\/bbdf2037e0d15efc2aa2babff559fe3f"},"headline":"Yoga: Il Potenziatore Cognitivo Contro l&#8217;Invecchiamento Cerebrale","datePublished":"2025-11-22T08:17:02+00:00","dateModified":"2025-11-22T08:17:04+00:00","mainEntityOfPage":{"@id":"https:\/\/yogasangiovanni.it\/?p=236"},"wordCount":380,"commentCount":0,"publisher":{"@id":"https:\/\/yogasangiovanni.it\/#organization"},"image":{"@id":"https:\/\/yogasangiovanni.it\/?p=236#primaryimage"},"thumbnailUrl":"https:\/\/yogasangiovanni.it\/wp-content\/uploads\/2025\/11\/A2FE7611-727D-477C-9C89-D592DC2A51E1-1.jpg","articleSection":["Blog"],"inLanguage":"it-IT","potentialAction":[{"@type":"CommentAction","name":"Comment","target":["https:\/\/yogasangiovanni.it\/?p=236#respond"]}]},{"@type":"WebPage","@id":"https:\/\/yogasangiovanni.it\/?p=236","url":"https:\/\/yogasangiovanni.it\/?p=236","name":"Yoga: Il Potenziatore Cognitivo Contro l'Invecchiamento Cerebrale - Yoga San Giovanni","isPartOf":{"@id":"https:\/\/yogasangiovanni.it\/#website"},"primaryImageOfPage":{"@id":"https:\/\/yogasangiovanni.it\/?p=236#primaryimage"},"image":{"@id":"https:\/\/yogasangiovanni.it\/?p=236#primaryimage"},"thumbnailUrl":"https:\/\/yogasangiovanni.it\/wp-content\/uploads\/2025\/11\/A2FE7611-727D-477C-9C89-D592DC2A51E1-1.jpg","datePublished":"2025-11-22T08:17:02+00:00","dateModified":"2025-11-22T08:17:04+00:00","description":"Scopri come la pratica regolare dello yoga (asana, pranayama, meditazione) pu\u00f2 contrastare il declino cognitivo e la demenza. Migliora la memoria, riduci lo stress e aumenta la materia grigia cerebrale.","breadcrumb":{"@id":"https:\/\/yogasangiovanni.it\/?p=236#breadcrumb"},"inLanguage":"it-IT","potentialAction":[{"@type":"ReadAction","target":["https:\/\/yogasangiovanni.it\/?p=236"]}]},{"@type":"ImageObject","inLanguage":"it-IT","@id":"https:\/\/yogasangiovanni.it\/?p=236#primaryimage","url":"https:\/\/yogasangiovanni.it\/wp-content\/uploads\/2025\/11\/A2FE7611-727D-477C-9C89-D592DC2A51E1-1.jpg","contentUrl":"https:\/\/yogasangiovanni.it\/wp-content\/uploads\/2025\/11\/A2FE7611-727D-477C-9C89-D592DC2A51E1-1.jpg","width":1200,"height":760},{"@type":"BreadcrumbList","@id":"https:\/\/yogasangiovanni.it\/?p=236#breadcrumb","itemListElement":[{"@type":"ListItem","position":1,"name":"Home","item":"https:\/\/yogasangiovanni.it\/"},{"@type":"ListItem","position":2,"name":"Yoga: Il Potenziatore Cognitivo Contro l&#8217;Invecchiamento Cerebrale"}]},{"@type":"WebSite","@id":"https:\/\/yogasangiovanni.it\/#website","url":"https:\/\/yogasangiovanni.it\/","name":"Yoga San Giovanni","description":"Segui il tuo respiro","publisher":{"@id":"https:\/\/yogasangiovanni.it\/#organization"},"potentialAction":[{"@type":"SearchAction","target":{"@type":"EntryPoint","urlTemplate":"https:\/\/yogasangiovanni.it\/?s={search_term_string}"},"query-input":{"@type":"PropertyValueSpecification","valueRequired":true,"valueName":"search_term_string"}}],"inLanguage":"it-IT"},{"@type":"Organization","@id":"https:\/\/yogasangiovanni.it\/#organization","name":"Yoga San Giovanni","url":"https:\/\/yogasangiovanni.it\/","logo":{"@type":"ImageObject","inLanguage":"it-IT","@id":"https:\/\/yogasangiovanni.it\/#\/schema\/logo\/image\/","url":"https:\/\/yogasangiovanni.it\/wp-content\/uploads\/2025\/09\/cropped-favicon.jpg","contentUrl":"https:\/\/yogasangiovanni.it\/wp-content\/uploads\/2025\/09\/cropped-favicon.jpg","width":512,"height":512,"caption":"Yoga San Giovanni"},"image":{"@id":"https:\/\/yogasangiovanni.it\/#\/schema\/logo\/image\/"},"sameAs":["https:\/\/www.facebook.com\/alissa.huzar"]},{"@type":"Person","@id":"https:\/\/yogasangiovanni.it\/#\/schema\/person\/bbdf2037e0d15efc2aa2babff559fe3f","name":"admin","image":{"@type":"ImageObject","inLanguage":"it-IT","@id":"https:\/\/yogasangiovanni.it\/#\/schema\/person\/image\/","url":"https:\/\/secure.gravatar.com\/avatar\/4347a64738df2580ceedede3d1b33770d91e90c2c90043f9ae79f375f8af69d2?s=96&d=mm&r=g","contentUrl":"https:\/\/secure.gravatar.com\/avatar\/4347a64738df2580ceedede3d1b33770d91e90c2c90043f9ae79f375f8af69d2?s=96&d=mm&r=g","caption":"admin"},"sameAs":["https:\/\/yogasangiovanni.it"],"url":"https:\/\/yogasangiovanni.it\/?author=1"}]}},"_links":{"self":[{"href":"https:\/\/yogasangiovanni.it\/index.php?rest_route=\/wp\/v2\/posts\/236","targetHints":{"allow":["GET"]}}],"collection":[{"href":"https:\/\/yogasangiovanni.it\/index.php?rest_route=\/wp\/v2\/posts"}],"about":[{"href":"https:\/\/yogasangiovanni.it\/index.php?rest_route=\/wp\/v2\/types\/post"}],"author":[{"embeddable":true,"href":"https:\/\/yogasangiovanni.it\/index.php?rest_route=\/wp\/v2\/users\/1"}],"replies":[{"embeddable":true,"href":"https:\/\/yogasangiovanni.it\/index.php?rest_route=%2Fwp%2Fv2%2Fcomments&post=236"}],"version-history":[{"count":1,"href":"https:\/\/yogasangiovanni.it\/index.php?rest_route=\/wp\/v2\/posts\/236\/revisions"}],"predecessor-version":[{"id":239,"href":"https:\/\/yogasangiovanni.it\/index.php?rest_route=\/wp\/v2\/posts\/236\/revisions\/239"}],"wp:featuredmedia":[{"embeddable":true,"href":"https:\/\/yogasangiovanni.it\/index.php?rest_route=\/wp\/v2\/media\/238"}],"wp:attachment":[{"href":"https:\/\/yogasangiovanni.it\/index.php?rest_route=%2Fwp%2Fv2%2Fmedia&parent=236"}],"wp:term":[{"taxonomy":"category","embeddable":true,"href":"https:\/\/yogasangiovanni.it\/index.php?rest_route=%2Fwp%2Fv2%2Fcategories&post=236"},{"taxonomy":"post_tag","embeddable":true,"href":"https:\/\/yogasangiovanni.it\/index.php?rest_route=%2Fwp%2Fv2%2Ftags&post=236"}],"curies":[{"name":"wp","href":"https:\/\/api.w.org\/{rel}","templated":true}]}}