{"id":65,"date":"2025-09-29T08:36:11","date_gmt":"2025-09-29T08:36:11","guid":{"rendered":"https:\/\/yogasangiovanni.it\/?p=65"},"modified":"2025-09-29T13:43:56","modified_gmt":"2025-09-29T13:43:56","slug":"luomo-bianco","status":"publish","type":"post","link":"https:\/\/yogasangiovanni.it\/?p=65","title":{"rendered":"L&#8217;uomo bianco"},"content":{"rendered":"\n<p>Carl Gustav Jung incontr\u00f2 un capo degli indiani Pueblos, che cos\u00ec parl\u00f2: &#8220;Vedi, i bianchi vogliono sempre qualcosa, sono sempre scontenti, irrequieti. Noi non sappiamo cosa vogliono. Non riusciamo a capirli. Pensiamo che sono pazzi.&#8221;<\/p>\n\n\n\n<p>Jung chiese a questo capo perch\u00e9\u201a mai pensasse che i bianchi fossero tutti pazzi e l&#8217;indiano gli rispose:<\/p>\n\n\n\n<p>&#8220;Dicono di pensare con la testa! Noi pensiamo con il cuore.&#8221;<\/p>\n\n\n\n<p>E Jung conclude:<\/p>\n\n\n\n<p>&#8220;Mi immersi in una lunga <a><\/a>meditazione. Per la prima volta nella mia vita, cos\u00ec mi sembrava, qualcuno mi aveva tratteggiato l&#8217;immagine del vero uomo bianco. Era come se, fino a quel momento, non avessi visto altro che stampe colorate, abbellite dal sentimento. Quell&#8217;indiano aveva centrato il nostro &#8220;punto debole&#8221;. Aveva svelato una verit\u00e0 alla quale siamo ciechi.&#8221;<\/p>\n\n\n\n<p>Carlo Lombardi<\/p>\n","protected":false},"excerpt":{"rendered":"<p>Carl Gustav Jung incontr\u00f2 un capo degli indiani Pueblos, che cos\u00ec parl\u00f2: &#8220;Vedi, i bianchi vogliono sempre qualcosa, sono sempre scontenti, irrequieti. Noi non sappiamo cosa vogliono. Non riusciamo a capirli. Pensiamo che sono pazzi.&#8221; Jung chiese a questo capo perch\u00e9\u201a mai pensasse che i bianchi fossero tutti pazzi e l&#8217;indiano gli rispose: &#8220;Dicono di [&hellip;]<\/p>\n","protected":false},"author":1,"featured_media":117,"comment_status":"open","ping_status":"open","sticky":false,"template":"","format":"standard","meta":{"_et_pb_use_builder":"off","_et_pb_old_content":"","_et_gb_content_width":"1080","footnotes":""},"categories":[5],"tags":[],"class_list":["post-65","post","type-post","status-publish","format-standard","has-post-thumbnail","hentry","category-blog"],"yoast_head":"<!-- This site is optimized with the Yoast SEO plugin v26.9 - https:\/\/yoast.com\/product\/yoast-seo-wordpress\/ -->\n<title>L&#039;uomo bianco - Yoga San Giovanni<\/title>\n<meta name=\"robots\" content=\"index, follow, max-snippet:-1, max-image-preview:large, max-video-preview:-1\" \/>\n<link rel=\"canonical\" href=\"https:\/\/yogasangiovanni.it\/?p=65\" \/>\n<meta property=\"og:locale\" content=\"it_IT\" \/>\n<meta property=\"og:type\" content=\"article\" \/>\n<meta property=\"og:title\" content=\"L&#039;uomo bianco - Yoga San Giovanni\" \/>\n<meta property=\"og:description\" content=\"Carl Gustav Jung incontr\u00f2 un capo degli indiani Pueblos, che cos\u00ec parl\u00f2: &#8220;Vedi, i bianchi vogliono sempre qualcosa, sono sempre scontenti, irrequieti. Noi non sappiamo cosa vogliono. Non riusciamo a capirli. Pensiamo che sono pazzi.&#8221; Jung chiese a questo capo perch\u00e9\u201a mai pensasse che i bianchi fossero tutti pazzi e l&#8217;indiano gli rispose: &#8220;Dicono di [&hellip;]\" \/>\n<meta property=\"og:url\" content=\"https:\/\/yogasangiovanni.it\/?p=65\" \/>\n<meta property=\"og:site_name\" content=\"Yoga San Giovanni\" \/>\n<meta property=\"article:publisher\" content=\"https:\/\/www.facebook.com\/alissa.huzar\" \/>\n<meta property=\"article:published_time\" content=\"2025-09-29T08:36:11+00:00\" \/>\n<meta property=\"article:modified_time\" content=\"2025-09-29T13:43:56+00:00\" \/>\n<meta property=\"og:image\" content=\"https:\/\/yogasangiovanni.it\/wp-content\/uploads\/2025\/09\/tao.jpg\" \/>\n\t<meta property=\"og:image:width\" content=\"940\" \/>\n\t<meta property=\"og:image:height\" content=\"512\" \/>\n\t<meta property=\"og:image:type\" content=\"image\/jpeg\" \/>\n<meta name=\"author\" content=\"admin\" \/>\n<meta name=\"twitter:card\" content=\"summary_large_image\" \/>\n<meta name=\"twitter:label1\" content=\"Scritto da\" \/>\n\t<meta name=\"twitter:data1\" content=\"admin\" \/>\n\t<meta name=\"twitter:label2\" content=\"Tempo di lettura stimato\" \/>\n\t<meta name=\"twitter:data2\" content=\"1 minuto\" \/>\n<script type=\"application\/ld+json\" class=\"yoast-schema-graph\">{\"@context\":\"https:\/\/schema.org\",\"@graph\":[{\"@type\":\"Article\",\"@id\":\"https:\/\/yogasangiovanni.it\/?p=65#article\",\"isPartOf\":{\"@id\":\"https:\/\/yogasangiovanni.it\/?p=65\"},\"author\":{\"name\":\"admin\",\"@id\":\"https:\/\/yogasangiovanni.it\/#\/schema\/person\/bbdf2037e0d15efc2aa2babff559fe3f\"},\"headline\":\"L&#8217;uomo bianco\",\"datePublished\":\"2025-09-29T08:36:11+00:00\",\"dateModified\":\"2025-09-29T13:43:56+00:00\",\"mainEntityOfPage\":{\"@id\":\"https:\/\/yogasangiovanni.it\/?p=65\"},\"wordCount\":132,\"commentCount\":0,\"publisher\":{\"@id\":\"https:\/\/yogasangiovanni.it\/#organization\"},\"image\":{\"@id\":\"https:\/\/yogasangiovanni.it\/?p=65#primaryimage\"},\"thumbnailUrl\":\"https:\/\/yogasangiovanni.it\/wp-content\/uploads\/2025\/09\/tao.jpg\",\"articleSection\":[\"Blog\"],\"inLanguage\":\"it-IT\",\"potentialAction\":[{\"@type\":\"CommentAction\",\"name\":\"Comment\",\"target\":[\"https:\/\/yogasangiovanni.it\/?p=65#respond\"]}]},{\"@type\":\"WebPage\",\"@id\":\"https:\/\/yogasangiovanni.it\/?p=65\",\"url\":\"https:\/\/yogasangiovanni.it\/?p=65\",\"name\":\"L'uomo bianco - Yoga San Giovanni\",\"isPartOf\":{\"@id\":\"https:\/\/yogasangiovanni.it\/#website\"},\"primaryImageOfPage\":{\"@id\":\"https:\/\/yogasangiovanni.it\/?p=65#primaryimage\"},\"image\":{\"@id\":\"https:\/\/yogasangiovanni.it\/?p=65#primaryimage\"},\"thumbnailUrl\":\"https:\/\/yogasangiovanni.it\/wp-content\/uploads\/2025\/09\/tao.jpg\",\"datePublished\":\"2025-09-29T08:36:11+00:00\",\"dateModified\":\"2025-09-29T13:43:56+00:00\",\"breadcrumb\":{\"@id\":\"https:\/\/yogasangiovanni.it\/?p=65#breadcrumb\"},\"inLanguage\":\"it-IT\",\"potentialAction\":[{\"@type\":\"ReadAction\",\"target\":[\"https:\/\/yogasangiovanni.it\/?p=65\"]}]},{\"@type\":\"ImageObject\",\"inLanguage\":\"it-IT\",\"@id\":\"https:\/\/yogasangiovanni.it\/?p=65#primaryimage\",\"url\":\"https:\/\/yogasangiovanni.it\/wp-content\/uploads\/2025\/09\/tao.jpg\",\"contentUrl\":\"https:\/\/yogasangiovanni.it\/wp-content\/uploads\/2025\/09\/tao.jpg\",\"width\":940,\"height\":512},{\"@type\":\"BreadcrumbList\",\"@id\":\"https:\/\/yogasangiovanni.it\/?p=65#breadcrumb\",\"itemListElement\":[{\"@type\":\"ListItem\",\"position\":1,\"name\":\"Home\",\"item\":\"https:\/\/yogasangiovanni.it\/\"},{\"@type\":\"ListItem\",\"position\":2,\"name\":\"L&#8217;uomo bianco\"}]},{\"@type\":\"WebSite\",\"@id\":\"https:\/\/yogasangiovanni.it\/#website\",\"url\":\"https:\/\/yogasangiovanni.it\/\",\"name\":\"Yoga San Giovanni\",\"description\":\"Segui il tuo respiro\",\"publisher\":{\"@id\":\"https:\/\/yogasangiovanni.it\/#organization\"},\"potentialAction\":[{\"@type\":\"SearchAction\",\"target\":{\"@type\":\"EntryPoint\",\"urlTemplate\":\"https:\/\/yogasangiovanni.it\/?s={search_term_string}\"},\"query-input\":{\"@type\":\"PropertyValueSpecification\",\"valueRequired\":true,\"valueName\":\"search_term_string\"}}],\"inLanguage\":\"it-IT\"},{\"@type\":\"Organization\",\"@id\":\"https:\/\/yogasangiovanni.it\/#organization\",\"name\":\"Yoga San Giovanni\",\"url\":\"https:\/\/yogasangiovanni.it\/\",\"logo\":{\"@type\":\"ImageObject\",\"inLanguage\":\"it-IT\",\"@id\":\"https:\/\/yogasangiovanni.it\/#\/schema\/logo\/image\/\",\"url\":\"https:\/\/yogasangiovanni.it\/wp-content\/uploads\/2025\/09\/cropped-favicon.jpg\",\"contentUrl\":\"https:\/\/yogasangiovanni.it\/wp-content\/uploads\/2025\/09\/cropped-favicon.jpg\",\"width\":512,\"height\":512,\"caption\":\"Yoga San Giovanni\"},\"image\":{\"@id\":\"https:\/\/yogasangiovanni.it\/#\/schema\/logo\/image\/\"},\"sameAs\":[\"https:\/\/www.facebook.com\/alissa.huzar\"]},{\"@type\":\"Person\",\"@id\":\"https:\/\/yogasangiovanni.it\/#\/schema\/person\/bbdf2037e0d15efc2aa2babff559fe3f\",\"name\":\"admin\",\"image\":{\"@type\":\"ImageObject\",\"inLanguage\":\"it-IT\",\"@id\":\"https:\/\/yogasangiovanni.it\/#\/schema\/person\/image\/\",\"url\":\"https:\/\/secure.gravatar.com\/avatar\/4347a64738df2580ceedede3d1b33770d91e90c2c90043f9ae79f375f8af69d2?s=96&d=mm&r=g\",\"contentUrl\":\"https:\/\/secure.gravatar.com\/avatar\/4347a64738df2580ceedede3d1b33770d91e90c2c90043f9ae79f375f8af69d2?s=96&d=mm&r=g\",\"caption\":\"admin\"},\"sameAs\":[\"https:\/\/yogasangiovanni.it\"],\"url\":\"https:\/\/yogasangiovanni.it\/?author=1\"}]}<\/script>\n<!-- \/ Yoast SEO plugin. -->","yoast_head_json":{"title":"L'uomo bianco - Yoga San Giovanni","robots":{"index":"index","follow":"follow","max-snippet":"max-snippet:-1","max-image-preview":"max-image-preview:large","max-video-preview":"max-video-preview:-1"},"canonical":"https:\/\/yogasangiovanni.it\/?p=65","og_locale":"it_IT","og_type":"article","og_title":"L'uomo bianco - Yoga San Giovanni","og_description":"Carl Gustav Jung incontr\u00f2 un capo degli indiani Pueblos, che cos\u00ec parl\u00f2: &#8220;Vedi, i bianchi vogliono sempre qualcosa, sono sempre scontenti, irrequieti. Noi non sappiamo cosa vogliono. Non riusciamo a capirli. Pensiamo che sono pazzi.&#8221; Jung chiese a questo capo perch\u00e9\u201a mai pensasse che i bianchi fossero tutti pazzi e l&#8217;indiano gli rispose: &#8220;Dicono di [&hellip;]","og_url":"https:\/\/yogasangiovanni.it\/?p=65","og_site_name":"Yoga San Giovanni","article_publisher":"https:\/\/www.facebook.com\/alissa.huzar","article_published_time":"2025-09-29T08:36:11+00:00","article_modified_time":"2025-09-29T13:43:56+00:00","og_image":[{"width":940,"height":512,"url":"https:\/\/yogasangiovanni.it\/wp-content\/uploads\/2025\/09\/tao.jpg","type":"image\/jpeg"}],"author":"admin","twitter_card":"summary_large_image","twitter_misc":{"Scritto da":"admin","Tempo di lettura stimato":"1 minuto"},"schema":{"@context":"https:\/\/schema.org","@graph":[{"@type":"Article","@id":"https:\/\/yogasangiovanni.it\/?p=65#article","isPartOf":{"@id":"https:\/\/yogasangiovanni.it\/?p=65"},"author":{"name":"admin","@id":"https:\/\/yogasangiovanni.it\/#\/schema\/person\/bbdf2037e0d15efc2aa2babff559fe3f"},"headline":"L&#8217;uomo bianco","datePublished":"2025-09-29T08:36:11+00:00","dateModified":"2025-09-29T13:43:56+00:00","mainEntityOfPage":{"@id":"https:\/\/yogasangiovanni.it\/?p=65"},"wordCount":132,"commentCount":0,"publisher":{"@id":"https:\/\/yogasangiovanni.it\/#organization"},"image":{"@id":"https:\/\/yogasangiovanni.it\/?p=65#primaryimage"},"thumbnailUrl":"https:\/\/yogasangiovanni.it\/wp-content\/uploads\/2025\/09\/tao.jpg","articleSection":["Blog"],"inLanguage":"it-IT","potentialAction":[{"@type":"CommentAction","name":"Comment","target":["https:\/\/yogasangiovanni.it\/?p=65#respond"]}]},{"@type":"WebPage","@id":"https:\/\/yogasangiovanni.it\/?p=65","url":"https:\/\/yogasangiovanni.it\/?p=65","name":"L'uomo bianco - Yoga San Giovanni","isPartOf":{"@id":"https:\/\/yogasangiovanni.it\/#website"},"primaryImageOfPage":{"@id":"https:\/\/yogasangiovanni.it\/?p=65#primaryimage"},"image":{"@id":"https:\/\/yogasangiovanni.it\/?p=65#primaryimage"},"thumbnailUrl":"https:\/\/yogasangiovanni.it\/wp-content\/uploads\/2025\/09\/tao.jpg","datePublished":"2025-09-29T08:36:11+00:00","dateModified":"2025-09-29T13:43:56+00:00","breadcrumb":{"@id":"https:\/\/yogasangiovanni.it\/?p=65#breadcrumb"},"inLanguage":"it-IT","potentialAction":[{"@type":"ReadAction","target":["https:\/\/yogasangiovanni.it\/?p=65"]}]},{"@type":"ImageObject","inLanguage":"it-IT","@id":"https:\/\/yogasangiovanni.it\/?p=65#primaryimage","url":"https:\/\/yogasangiovanni.it\/wp-content\/uploads\/2025\/09\/tao.jpg","contentUrl":"https:\/\/yogasangiovanni.it\/wp-content\/uploads\/2025\/09\/tao.jpg","width":940,"height":512},{"@type":"BreadcrumbList","@id":"https:\/\/yogasangiovanni.it\/?p=65#breadcrumb","itemListElement":[{"@type":"ListItem","position":1,"name":"Home","item":"https:\/\/yogasangiovanni.it\/"},{"@type":"ListItem","position":2,"name":"L&#8217;uomo bianco"}]},{"@type":"WebSite","@id":"https:\/\/yogasangiovanni.it\/#website","url":"https:\/\/yogasangiovanni.it\/","name":"Yoga San Giovanni","description":"Segui il tuo respiro","publisher":{"@id":"https:\/\/yogasangiovanni.it\/#organization"},"potentialAction":[{"@type":"SearchAction","target":{"@type":"EntryPoint","urlTemplate":"https:\/\/yogasangiovanni.it\/?s={search_term_string}"},"query-input":{"@type":"PropertyValueSpecification","valueRequired":true,"valueName":"search_term_string"}}],"inLanguage":"it-IT"},{"@type":"Organization","@id":"https:\/\/yogasangiovanni.it\/#organization","name":"Yoga San Giovanni","url":"https:\/\/yogasangiovanni.it\/","logo":{"@type":"ImageObject","inLanguage":"it-IT","@id":"https:\/\/yogasangiovanni.it\/#\/schema\/logo\/image\/","url":"https:\/\/yogasangiovanni.it\/wp-content\/uploads\/2025\/09\/cropped-favicon.jpg","contentUrl":"https:\/\/yogasangiovanni.it\/wp-content\/uploads\/2025\/09\/cropped-favicon.jpg","width":512,"height":512,"caption":"Yoga San Giovanni"},"image":{"@id":"https:\/\/yogasangiovanni.it\/#\/schema\/logo\/image\/"},"sameAs":["https:\/\/www.facebook.com\/alissa.huzar"]},{"@type":"Person","@id":"https:\/\/yogasangiovanni.it\/#\/schema\/person\/bbdf2037e0d15efc2aa2babff559fe3f","name":"admin","image":{"@type":"ImageObject","inLanguage":"it-IT","@id":"https:\/\/yogasangiovanni.it\/#\/schema\/person\/image\/","url":"https:\/\/secure.gravatar.com\/avatar\/4347a64738df2580ceedede3d1b33770d91e90c2c90043f9ae79f375f8af69d2?s=96&d=mm&r=g","contentUrl":"https:\/\/secure.gravatar.com\/avatar\/4347a64738df2580ceedede3d1b33770d91e90c2c90043f9ae79f375f8af69d2?s=96&d=mm&r=g","caption":"admin"},"sameAs":["https:\/\/yogasangiovanni.it"],"url":"https:\/\/yogasangiovanni.it\/?author=1"}]}},"_links":{"self":[{"href":"https:\/\/yogasangiovanni.it\/index.php?rest_route=\/wp\/v2\/posts\/65","targetHints":{"allow":["GET"]}}],"collection":[{"href":"https:\/\/yogasangiovanni.it\/index.php?rest_route=\/wp\/v2\/posts"}],"about":[{"href":"https:\/\/yogasangiovanni.it\/index.php?rest_route=\/wp\/v2\/types\/post"}],"author":[{"embeddable":true,"href":"https:\/\/yogasangiovanni.it\/index.php?rest_route=\/wp\/v2\/users\/1"}],"replies":[{"embeddable":true,"href":"https:\/\/yogasangiovanni.it\/index.php?rest_route=%2Fwp%2Fv2%2Fcomments&post=65"}],"version-history":[{"count":1,"href":"https:\/\/yogasangiovanni.it\/index.php?rest_route=\/wp\/v2\/posts\/65\/revisions"}],"predecessor-version":[{"id":66,"href":"https:\/\/yogasangiovanni.it\/index.php?rest_route=\/wp\/v2\/posts\/65\/revisions\/66"}],"wp:featuredmedia":[{"embeddable":true,"href":"https:\/\/yogasangiovanni.it\/index.php?rest_route=\/wp\/v2\/media\/117"}],"wp:attachment":[{"href":"https:\/\/yogasangiovanni.it\/index.php?rest_route=%2Fwp%2Fv2%2Fmedia&parent=65"}],"wp:term":[{"taxonomy":"category","embeddable":true,"href":"https:\/\/yogasangiovanni.it\/index.php?rest_route=%2Fwp%2Fv2%2Fcategories&post=65"},{"taxonomy":"post_tag","embeddable":true,"href":"https:\/\/yogasangiovanni.it\/index.php?rest_route=%2Fwp%2Fv2%2Ftags&post=65"}],"curies":[{"name":"wp","href":"https:\/\/api.w.org\/{rel}","templated":true}]}}