{"id":73,"date":"2025-09-29T08:46:22","date_gmt":"2025-09-29T08:46:22","guid":{"rendered":"https:\/\/yogasangiovanni.it\/?p=73"},"modified":"2025-09-29T08:47:28","modified_gmt":"2025-09-29T08:47:28","slug":"lasciar-andare-le-densita-corporee","status":"publish","type":"post","link":"https:\/\/yogasangiovanni.it\/?p=73","title":{"rendered":"Lasciar andare le densit\u00e0 corporee"},"content":{"rendered":"\n<p>Domani il tema della classe: \u201clasciar andare le densit\u00e0 corporee\u201d. La pratica che diventa la cura. Andremo a creare una mappatura nel corpo con il flusso Pranico che ci dona il Respiro, penetrando le forme che prender\u00e0 il nostro corpo, ovvero le Asana, per creare un sentiero all\u2019interno, fatto di Presenza, Ascolto e Accoglienza in grado di trasmutare attuale stato di percezione fisica, energetica e nervosa.<\/p>\n\n\n\n<p><a><\/a>Partiamo dalla conoscenza del secondo Yoga Sutra di Patanjali:<\/p>\n\n\n\n<p>\u201cYoga\u015b citta v\u1e5btti nirodha\u1e25 1.2\u201d- \u201dLo yoga \u00e8 lo stato in cui le fluttuazioni mentali-emozionali si acquietano.\u201d<\/p>\n\n\n\n<p>E qui aggiungo che non vogliamo eliminare la mente e le emozioni, ma restituirli le sue forme pi\u00f9 nobili e salutari di Grazia, invece di residui di densit\u00e0 psichica, con cui spesso ci identifichiamo e operiamo.<\/p>\n\n\n\n<p>La prima parte dedicheremo alla purificazione e l\u2019assorbimento delle tensioni corporei, che includono i corpi mentali e emozionali, per poi goderci lo spazio che abbiamo creato, che incarna lo Yoga Sutra successivo:<\/p>\n\n\n\n<p>\u201cTad\u0101 dra\u1e63\u1e6du\u1e25 svar\u016bpe avasth\u0101nam 1.3\u201d- \u201cAllora colui che vede dimora nella sua vera natura\u201d.<\/p>\n\n\n\n<p>Il viaggio nel corpo partir\u00e0 dal nutrimento e purificazione dei primi tre chakra istintivi, dalla \u201ccantina\u201d della nostra coscienza che \u00e8 ancora grezza e porta le tracce della paura, sensi di colpa e strutture dell\u2019ego, per poi salire e integrare le qualit\u00e0 inferiori verso i tre chakra superiori, legati all\u2019essenza spirituale, per trasformare la paura in amore, i sensi di colpa in espressione autentica e l\u2019ego nella visione pi\u00f9 pura dell\u2019intuito luminoso.<\/p>\n\n\n\n<p>\u201cDalla cantina al Belvedere\u201d \u00e8 il titolo di questa classe. Pi\u00f9 ci liberiamo dalle densit\u00e0 corporei e pi\u00f9 ci riconosciamo nel profondo, nella nostra forma pi\u00f9 vera.<\/p>\n\n\n\n<p>\u201cPi\u00f9 il corpo diventa sottile e pi\u00f9 si illumina\u201d insegna<\/p>\n\n\n\n<p>\u201cHa\u1e6dhayoga Prad\u012bpik\u0101\u201d.<\/p>\n\n\n\n<p>Quando la mente non \u00e8 integrata nel cuore, quando l\u2019istinto non \u00e8 connesso alla fonte essenziale dell\u2019essere, viviamo nel buio della cantina, procurando la sofferenza a noi stessi e agli altri.<\/p>\n\n\n\n<p>MER- VEN 19:00 @spazioarte33<\/p>\n\n\n\n<p>Namaste <img loading=\"lazy\" decoding=\"async\" height=\"16\" width=\"16\" alt=\"\ud83c\udf31\" src=\"https:\/\/static.xx.fbcdn.net\/images\/emoji.php\/v9\/t8\/2\/16\/1f331.png\"><\/p>\n","protected":false},"excerpt":{"rendered":"<p>Domani il tema della classe: \u201clasciar andare le densit\u00e0 corporee\u201d. La pratica che diventa la cura. Andremo a creare una mappatura nel corpo con il flusso Pranico che ci dona il Respiro, penetrando le forme che prender\u00e0 il nostro corpo, ovvero le Asana, per creare un sentiero all\u2019interno, fatto di Presenza, Ascolto e Accoglienza in [&hellip;]<\/p>\n","protected":false},"author":1,"featured_media":76,"comment_status":"open","ping_status":"open","sticky":false,"template":"","format":"standard","meta":{"_et_pb_use_builder":"off","_et_pb_old_content":"","_et_gb_content_width":"1080","footnotes":""},"categories":[4],"tags":[],"class_list":["post-73","post","type-post","status-publish","format-standard","has-post-thumbnail","hentry","category-news"],"yoast_head":"<!-- This site is optimized with the Yoast SEO plugin v26.9 - https:\/\/yoast.com\/product\/yoast-seo-wordpress\/ -->\n<title>Lasciar andare le densit\u00e0 corporee - Yoga San Giovanni<\/title>\n<meta name=\"robots\" content=\"index, follow, max-snippet:-1, max-image-preview:large, max-video-preview:-1\" \/>\n<link rel=\"canonical\" href=\"https:\/\/yogasangiovanni.it\/?p=73\" \/>\n<meta property=\"og:locale\" content=\"it_IT\" \/>\n<meta property=\"og:type\" content=\"article\" \/>\n<meta property=\"og:title\" content=\"Lasciar andare le densit\u00e0 corporee - Yoga San Giovanni\" \/>\n<meta property=\"og:description\" content=\"Domani il tema della classe: \u201clasciar andare le densit\u00e0 corporee\u201d. La pratica che diventa la cura. Andremo a creare una mappatura nel corpo con il flusso Pranico che ci dona il Respiro, penetrando le forme che prender\u00e0 il nostro corpo, ovvero le Asana, per creare un sentiero all\u2019interno, fatto di Presenza, Ascolto e Accoglienza in [&hellip;]\" \/>\n<meta property=\"og:url\" content=\"https:\/\/yogasangiovanni.it\/?p=73\" \/>\n<meta property=\"og:site_name\" content=\"Yoga San Giovanni\" \/>\n<meta property=\"article:publisher\" content=\"https:\/\/www.facebook.com\/alissa.huzar\" \/>\n<meta property=\"article:published_time\" content=\"2025-09-29T08:46:22+00:00\" \/>\n<meta property=\"article:modified_time\" content=\"2025-09-29T08:47:28+00:00\" \/>\n<meta property=\"og:image\" content=\"https:\/\/yogasangiovanni.it\/wp-content\/uploads\/2025\/09\/beach.jpg\" \/>\n\t<meta property=\"og:image:width\" content=\"1080\" \/>\n\t<meta property=\"og:image:height\" content=\"810\" \/>\n\t<meta property=\"og:image:type\" content=\"image\/jpeg\" \/>\n<meta name=\"author\" content=\"admin\" \/>\n<meta name=\"twitter:card\" content=\"summary_large_image\" \/>\n<meta name=\"twitter:label1\" content=\"Scritto da\" \/>\n\t<meta name=\"twitter:data1\" content=\"admin\" \/>\n\t<meta name=\"twitter:label2\" content=\"Tempo di lettura stimato\" \/>\n\t<meta name=\"twitter:data2\" content=\"2 minuti\" \/>\n<script type=\"application\/ld+json\" class=\"yoast-schema-graph\">{\"@context\":\"https:\/\/schema.org\",\"@graph\":[{\"@type\":\"Article\",\"@id\":\"https:\/\/yogasangiovanni.it\/?p=73#article\",\"isPartOf\":{\"@id\":\"https:\/\/yogasangiovanni.it\/?p=73\"},\"author\":{\"name\":\"admin\",\"@id\":\"https:\/\/yogasangiovanni.it\/#\/schema\/person\/bbdf2037e0d15efc2aa2babff559fe3f\"},\"headline\":\"Lasciar andare le densit\u00e0 corporee\",\"datePublished\":\"2025-09-29T08:46:22+00:00\",\"dateModified\":\"2025-09-29T08:47:28+00:00\",\"mainEntityOfPage\":{\"@id\":\"https:\/\/yogasangiovanni.it\/?p=73\"},\"wordCount\":334,\"commentCount\":0,\"publisher\":{\"@id\":\"https:\/\/yogasangiovanni.it\/#organization\"},\"image\":{\"@id\":\"https:\/\/yogasangiovanni.it\/?p=73#primaryimage\"},\"thumbnailUrl\":\"https:\/\/yogasangiovanni.it\/wp-content\/uploads\/2025\/09\/beach.jpg\",\"articleSection\":[\"News\"],\"inLanguage\":\"it-IT\",\"potentialAction\":[{\"@type\":\"CommentAction\",\"name\":\"Comment\",\"target\":[\"https:\/\/yogasangiovanni.it\/?p=73#respond\"]}]},{\"@type\":\"WebPage\",\"@id\":\"https:\/\/yogasangiovanni.it\/?p=73\",\"url\":\"https:\/\/yogasangiovanni.it\/?p=73\",\"name\":\"Lasciar andare le densit\u00e0 corporee - Yoga San Giovanni\",\"isPartOf\":{\"@id\":\"https:\/\/yogasangiovanni.it\/#website\"},\"primaryImageOfPage\":{\"@id\":\"https:\/\/yogasangiovanni.it\/?p=73#primaryimage\"},\"image\":{\"@id\":\"https:\/\/yogasangiovanni.it\/?p=73#primaryimage\"},\"thumbnailUrl\":\"https:\/\/yogasangiovanni.it\/wp-content\/uploads\/2025\/09\/beach.jpg\",\"datePublished\":\"2025-09-29T08:46:22+00:00\",\"dateModified\":\"2025-09-29T08:47:28+00:00\",\"breadcrumb\":{\"@id\":\"https:\/\/yogasangiovanni.it\/?p=73#breadcrumb\"},\"inLanguage\":\"it-IT\",\"potentialAction\":[{\"@type\":\"ReadAction\",\"target\":[\"https:\/\/yogasangiovanni.it\/?p=73\"]}]},{\"@type\":\"ImageObject\",\"inLanguage\":\"it-IT\",\"@id\":\"https:\/\/yogasangiovanni.it\/?p=73#primaryimage\",\"url\":\"https:\/\/yogasangiovanni.it\/wp-content\/uploads\/2025\/09\/beach.jpg\",\"contentUrl\":\"https:\/\/yogasangiovanni.it\/wp-content\/uploads\/2025\/09\/beach.jpg\",\"width\":1080,\"height\":810},{\"@type\":\"BreadcrumbList\",\"@id\":\"https:\/\/yogasangiovanni.it\/?p=73#breadcrumb\",\"itemListElement\":[{\"@type\":\"ListItem\",\"position\":1,\"name\":\"Home\",\"item\":\"https:\/\/yogasangiovanni.it\/\"},{\"@type\":\"ListItem\",\"position\":2,\"name\":\"Lasciar andare le densit\u00e0 corporee\"}]},{\"@type\":\"WebSite\",\"@id\":\"https:\/\/yogasangiovanni.it\/#website\",\"url\":\"https:\/\/yogasangiovanni.it\/\",\"name\":\"Yoga San Giovanni\",\"description\":\"Segui il tuo respiro\",\"publisher\":{\"@id\":\"https:\/\/yogasangiovanni.it\/#organization\"},\"potentialAction\":[{\"@type\":\"SearchAction\",\"target\":{\"@type\":\"EntryPoint\",\"urlTemplate\":\"https:\/\/yogasangiovanni.it\/?s={search_term_string}\"},\"query-input\":{\"@type\":\"PropertyValueSpecification\",\"valueRequired\":true,\"valueName\":\"search_term_string\"}}],\"inLanguage\":\"it-IT\"},{\"@type\":\"Organization\",\"@id\":\"https:\/\/yogasangiovanni.it\/#organization\",\"name\":\"Yoga San Giovanni\",\"url\":\"https:\/\/yogasangiovanni.it\/\",\"logo\":{\"@type\":\"ImageObject\",\"inLanguage\":\"it-IT\",\"@id\":\"https:\/\/yogasangiovanni.it\/#\/schema\/logo\/image\/\",\"url\":\"https:\/\/yogasangiovanni.it\/wp-content\/uploads\/2025\/09\/cropped-favicon.jpg\",\"contentUrl\":\"https:\/\/yogasangiovanni.it\/wp-content\/uploads\/2025\/09\/cropped-favicon.jpg\",\"width\":512,\"height\":512,\"caption\":\"Yoga San Giovanni\"},\"image\":{\"@id\":\"https:\/\/yogasangiovanni.it\/#\/schema\/logo\/image\/\"},\"sameAs\":[\"https:\/\/www.facebook.com\/alissa.huzar\"]},{\"@type\":\"Person\",\"@id\":\"https:\/\/yogasangiovanni.it\/#\/schema\/person\/bbdf2037e0d15efc2aa2babff559fe3f\",\"name\":\"admin\",\"image\":{\"@type\":\"ImageObject\",\"inLanguage\":\"it-IT\",\"@id\":\"https:\/\/yogasangiovanni.it\/#\/schema\/person\/image\/\",\"url\":\"https:\/\/secure.gravatar.com\/avatar\/4347a64738df2580ceedede3d1b33770d91e90c2c90043f9ae79f375f8af69d2?s=96&d=mm&r=g\",\"contentUrl\":\"https:\/\/secure.gravatar.com\/avatar\/4347a64738df2580ceedede3d1b33770d91e90c2c90043f9ae79f375f8af69d2?s=96&d=mm&r=g\",\"caption\":\"admin\"},\"sameAs\":[\"https:\/\/yogasangiovanni.it\"],\"url\":\"https:\/\/yogasangiovanni.it\/?author=1\"}]}<\/script>\n<!-- \/ Yoast SEO plugin. -->","yoast_head_json":{"title":"Lasciar andare le densit\u00e0 corporee - Yoga San Giovanni","robots":{"index":"index","follow":"follow","max-snippet":"max-snippet:-1","max-image-preview":"max-image-preview:large","max-video-preview":"max-video-preview:-1"},"canonical":"https:\/\/yogasangiovanni.it\/?p=73","og_locale":"it_IT","og_type":"article","og_title":"Lasciar andare le densit\u00e0 corporee - Yoga San Giovanni","og_description":"Domani il tema della classe: \u201clasciar andare le densit\u00e0 corporee\u201d. La pratica che diventa la cura. Andremo a creare una mappatura nel corpo con il flusso Pranico che ci dona il Respiro, penetrando le forme che prender\u00e0 il nostro corpo, ovvero le Asana, per creare un sentiero all\u2019interno, fatto di Presenza, Ascolto e Accoglienza in [&hellip;]","og_url":"https:\/\/yogasangiovanni.it\/?p=73","og_site_name":"Yoga San Giovanni","article_publisher":"https:\/\/www.facebook.com\/alissa.huzar","article_published_time":"2025-09-29T08:46:22+00:00","article_modified_time":"2025-09-29T08:47:28+00:00","og_image":[{"width":1080,"height":810,"url":"https:\/\/yogasangiovanni.it\/wp-content\/uploads\/2025\/09\/beach.jpg","type":"image\/jpeg"}],"author":"admin","twitter_card":"summary_large_image","twitter_misc":{"Scritto da":"admin","Tempo di lettura stimato":"2 minuti"},"schema":{"@context":"https:\/\/schema.org","@graph":[{"@type":"Article","@id":"https:\/\/yogasangiovanni.it\/?p=73#article","isPartOf":{"@id":"https:\/\/yogasangiovanni.it\/?p=73"},"author":{"name":"admin","@id":"https:\/\/yogasangiovanni.it\/#\/schema\/person\/bbdf2037e0d15efc2aa2babff559fe3f"},"headline":"Lasciar andare le densit\u00e0 corporee","datePublished":"2025-09-29T08:46:22+00:00","dateModified":"2025-09-29T08:47:28+00:00","mainEntityOfPage":{"@id":"https:\/\/yogasangiovanni.it\/?p=73"},"wordCount":334,"commentCount":0,"publisher":{"@id":"https:\/\/yogasangiovanni.it\/#organization"},"image":{"@id":"https:\/\/yogasangiovanni.it\/?p=73#primaryimage"},"thumbnailUrl":"https:\/\/yogasangiovanni.it\/wp-content\/uploads\/2025\/09\/beach.jpg","articleSection":["News"],"inLanguage":"it-IT","potentialAction":[{"@type":"CommentAction","name":"Comment","target":["https:\/\/yogasangiovanni.it\/?p=73#respond"]}]},{"@type":"WebPage","@id":"https:\/\/yogasangiovanni.it\/?p=73","url":"https:\/\/yogasangiovanni.it\/?p=73","name":"Lasciar andare le densit\u00e0 corporee - Yoga San Giovanni","isPartOf":{"@id":"https:\/\/yogasangiovanni.it\/#website"},"primaryImageOfPage":{"@id":"https:\/\/yogasangiovanni.it\/?p=73#primaryimage"},"image":{"@id":"https:\/\/yogasangiovanni.it\/?p=73#primaryimage"},"thumbnailUrl":"https:\/\/yogasangiovanni.it\/wp-content\/uploads\/2025\/09\/beach.jpg","datePublished":"2025-09-29T08:46:22+00:00","dateModified":"2025-09-29T08:47:28+00:00","breadcrumb":{"@id":"https:\/\/yogasangiovanni.it\/?p=73#breadcrumb"},"inLanguage":"it-IT","potentialAction":[{"@type":"ReadAction","target":["https:\/\/yogasangiovanni.it\/?p=73"]}]},{"@type":"ImageObject","inLanguage":"it-IT","@id":"https:\/\/yogasangiovanni.it\/?p=73#primaryimage","url":"https:\/\/yogasangiovanni.it\/wp-content\/uploads\/2025\/09\/beach.jpg","contentUrl":"https:\/\/yogasangiovanni.it\/wp-content\/uploads\/2025\/09\/beach.jpg","width":1080,"height":810},{"@type":"BreadcrumbList","@id":"https:\/\/yogasangiovanni.it\/?p=73#breadcrumb","itemListElement":[{"@type":"ListItem","position":1,"name":"Home","item":"https:\/\/yogasangiovanni.it\/"},{"@type":"ListItem","position":2,"name":"Lasciar andare le densit\u00e0 corporee"}]},{"@type":"WebSite","@id":"https:\/\/yogasangiovanni.it\/#website","url":"https:\/\/yogasangiovanni.it\/","name":"Yoga San Giovanni","description":"Segui il tuo respiro","publisher":{"@id":"https:\/\/yogasangiovanni.it\/#organization"},"potentialAction":[{"@type":"SearchAction","target":{"@type":"EntryPoint","urlTemplate":"https:\/\/yogasangiovanni.it\/?s={search_term_string}"},"query-input":{"@type":"PropertyValueSpecification","valueRequired":true,"valueName":"search_term_string"}}],"inLanguage":"it-IT"},{"@type":"Organization","@id":"https:\/\/yogasangiovanni.it\/#organization","name":"Yoga San Giovanni","url":"https:\/\/yogasangiovanni.it\/","logo":{"@type":"ImageObject","inLanguage":"it-IT","@id":"https:\/\/yogasangiovanni.it\/#\/schema\/logo\/image\/","url":"https:\/\/yogasangiovanni.it\/wp-content\/uploads\/2025\/09\/cropped-favicon.jpg","contentUrl":"https:\/\/yogasangiovanni.it\/wp-content\/uploads\/2025\/09\/cropped-favicon.jpg","width":512,"height":512,"caption":"Yoga San Giovanni"},"image":{"@id":"https:\/\/yogasangiovanni.it\/#\/schema\/logo\/image\/"},"sameAs":["https:\/\/www.facebook.com\/alissa.huzar"]},{"@type":"Person","@id":"https:\/\/yogasangiovanni.it\/#\/schema\/person\/bbdf2037e0d15efc2aa2babff559fe3f","name":"admin","image":{"@type":"ImageObject","inLanguage":"it-IT","@id":"https:\/\/yogasangiovanni.it\/#\/schema\/person\/image\/","url":"https:\/\/secure.gravatar.com\/avatar\/4347a64738df2580ceedede3d1b33770d91e90c2c90043f9ae79f375f8af69d2?s=96&d=mm&r=g","contentUrl":"https:\/\/secure.gravatar.com\/avatar\/4347a64738df2580ceedede3d1b33770d91e90c2c90043f9ae79f375f8af69d2?s=96&d=mm&r=g","caption":"admin"},"sameAs":["https:\/\/yogasangiovanni.it"],"url":"https:\/\/yogasangiovanni.it\/?author=1"}]}},"_links":{"self":[{"href":"https:\/\/yogasangiovanni.it\/index.php?rest_route=\/wp\/v2\/posts\/73","targetHints":{"allow":["GET"]}}],"collection":[{"href":"https:\/\/yogasangiovanni.it\/index.php?rest_route=\/wp\/v2\/posts"}],"about":[{"href":"https:\/\/yogasangiovanni.it\/index.php?rest_route=\/wp\/v2\/types\/post"}],"author":[{"embeddable":true,"href":"https:\/\/yogasangiovanni.it\/index.php?rest_route=\/wp\/v2\/users\/1"}],"replies":[{"embeddable":true,"href":"https:\/\/yogasangiovanni.it\/index.php?rest_route=%2Fwp%2Fv2%2Fcomments&post=73"}],"version-history":[{"count":1,"href":"https:\/\/yogasangiovanni.it\/index.php?rest_route=\/wp\/v2\/posts\/73\/revisions"}],"predecessor-version":[{"id":75,"href":"https:\/\/yogasangiovanni.it\/index.php?rest_route=\/wp\/v2\/posts\/73\/revisions\/75"}],"wp:featuredmedia":[{"embeddable":true,"href":"https:\/\/yogasangiovanni.it\/index.php?rest_route=\/wp\/v2\/media\/76"}],"wp:attachment":[{"href":"https:\/\/yogasangiovanni.it\/index.php?rest_route=%2Fwp%2Fv2%2Fmedia&parent=73"}],"wp:term":[{"taxonomy":"category","embeddable":true,"href":"https:\/\/yogasangiovanni.it\/index.php?rest_route=%2Fwp%2Fv2%2Fcategories&post=73"},{"taxonomy":"post_tag","embeddable":true,"href":"https:\/\/yogasangiovanni.it\/index.php?rest_route=%2Fwp%2Fv2%2Ftags&post=73"}],"curies":[{"name":"wp","href":"https:\/\/api.w.org\/{rel}","templated":true}]}}